{"id":2448,"date":"2025-04-10T07:30:00","date_gmt":"2025-04-10T05:30:00","guid":{"rendered":"https:\/\/easyfisioterapia.com\/blog\/?p=2448"},"modified":"2026-04-04T10:38:08","modified_gmt":"2026-04-04T08:38:08","slug":"ecografia-del-tendon-de-aquiles-exploracion-estatica-y-dinamica-en-fisioterapia","status":"publish","type":"post","link":"https:\/\/easyfisioterapia.com\/blog\/ecografia-del-tendon-de-aquiles-exploracion-estatica-y-dinamica-en-fisioterapia\/","title":{"rendered":"Ecograf\u00eda del tend\u00f3n de Aquiles: exploraci\u00f3n est\u00e1tica y din\u00e1mica en fisioterapia"},"content":{"rendered":"\n<p>La ecograf\u00eda del tend\u00f3n de Aquiles puede ser una herramienta muy potente si se sabe usar correctamente. En este art\u00edculo aprender\u00e1s c\u00f3mo sacarle el m\u00e1ximo partido a este abordaje.<\/p>\n\n\n\n<p>El tend\u00f3n de Aquiles es una de las estructuras m\u00e1s <strong>frecuentemente implicadas en dolor de tobillo<\/strong> y limitaciones funcionales, tanto en deportistas como en la poblaci\u00f3n general. Su localizaci\u00f3n superficial lo convierte en un objetivo accesible para la exploraci\u00f3n ecogr\u00e1fica, pero interpretar correctamente sus hallazgos requiere conocer en profundidad su anatom\u00eda y posibles patrones lesionales.<\/p>\n\n\n\n<p>En muchos casos, el examen f\u00edsico no es suficiente para diferenciar entre una<strong> tendinopat\u00eda reactiva, una entesopat\u00eda insercional o una rotura parcial, <\/strong>especialmente si el paciente presenta dolor persistente sin una causa traum\u00e1tica clara.<br>La cl\u00ednica puede incluir tumefacci\u00f3n palpable o rigidez matutina, pero la presentaci\u00f3n suele ser inespec\u00edfica y<strong> distintos tipos de lesi\u00f3n<\/strong> pueden coexistir en un mismo caso.<\/p>\n\n\n\n<p>En este art\u00edculo revisaremos<strong> c\u00f3mo realizar una correcta exploraci\u00f3n ecogr\u00e1fica<\/strong> del tend\u00f3n de Aquiles y qu\u00e9 hallazgos pueden orientarnos en el <strong>diagn\u00f3stico diferencial<\/strong>. Veremos c\u00f3mo interpretar las im\u00e1genes m\u00e1s frecuentes, as\u00ed como los patrones cl\u00ednicos asociados a cada hallazgo, con especial atenci\u00f3n a la integraci\u00f3n funcional en fisioterapia.<\/p>\n\n\n\n<!--more-->\n\n\n\n<h2 class=\"wp-block-heading\">Ecograf\u00eda del tend\u00f3n de Aquiles: protocolo de exploraci\u00f3n<\/h2>\n\n\n\n<p>Para explorar el tobillo con ecograf\u00eda, lo habitual es utilizar sondas lineales de alta <strong>frecuencia <\/strong>(entre 10 y 18 MHz), ya que permiten una excelente resoluci\u00f3n de <strong>estructuras superficiales<\/strong> como tendones, ligamentos o nervios.<\/p>\n\n\n\n<p>En caso de necesitar una <strong>mayor penetraci\u00f3n<\/strong> (por ejemplo, para valorar articulaciones profundas o zonas con mucho tejido subcut\u00e1neo) puede ser \u00fatil emplear <strong>frecuencias m\u00e1s bajas<\/strong> (en torno a 5-12 MHz), aunque esto compromete ligeramente la nitidez de la imagen. Como siempre, habr\u00e1 que adaptar la frecuencia al objetivo cl\u00ednico y a las caracter\u00edsticas del paciente.<\/p>\n\n\n\n<p>Para valorar ecogr\u00e1ficamente el tend\u00f3n de Aquiles, la exploraci\u00f3n se comienza con un corte transversal. El paciente se colocar\u00e1 en dec\u00fabito prono.<\/p>\n\n\n<div class=\"wp-block-image\">\n<figure class=\"aligncenter size-full is-resized\"><img loading=\"lazy\" decoding=\"async\" width=\"883\" height=\"499\" src=\"https:\/\/easyfisioterapia.com\/blog\/wp-content\/uploads\/2025\/04\/Posicion-paciente-exploracion-tendon-aquiles-ecografia.jpg\" alt=\"Posicion paciente exploracion tendon aquiles ecografia\" class=\"wp-image-2454\" style=\"width:485px;height:undefinedpx\" title=\"Posicion paciente exploracion tendon aquiles ecografia\" srcset=\"https:\/\/easyfisioterapia.com\/blog\/wp-content\/uploads\/2025\/04\/Posicion-paciente-exploracion-tendon-aquiles-ecografia.jpg 883w, https:\/\/easyfisioterapia.com\/blog\/wp-content\/uploads\/2025\/04\/Posicion-paciente-exploracion-tendon-aquiles-ecografia-480x271.jpg 480w\" sizes=\"auto, (min-width: 0px) and (max-width: 480px) 480px, (min-width: 481px) 883px, 100vw\" \/><\/figure><\/div>\n\n\n<p><\/p>\n\n\n\n<p>El dibujo anat\u00f3mico de las estructuras que encontraremos bajo la sonda ecogr\u00e1fica es el siguiente:<\/p>\n\n\n<div class=\"wp-block-image\">\n<figure class=\"aligncenter size-full\"><img loading=\"lazy\" decoding=\"async\" width=\"436\" height=\"428\" src=\"https:\/\/easyfisioterapia.com\/blog\/wp-content\/uploads\/2025\/04\/Esquema-anatomico-ecografia-tobillo-posterior.jpg\" alt=\"Esquema anatomico ecografia tobillo posterior\" class=\"wp-image-2456\" title=\"Esquema anatomico ecografia tobillo posterior\" srcset=\"https:\/\/easyfisioterapia.com\/blog\/wp-content\/uploads\/2025\/04\/Esquema-anatomico-ecografia-tobillo-posterior.jpg 436w, https:\/\/easyfisioterapia.com\/blog\/wp-content\/uploads\/2025\/04\/Esquema-anatomico-ecografia-tobillo-posterior-300x294.jpg 300w\" sizes=\"auto, (max-width: 436px) 100vw, 436px\" \/><\/figure><\/div>\n\n\n<p><\/p>\n\n\n\n<p>Al realizar una exploraci\u00f3n ecogr\u00e1fica del tend\u00f3n de Aquiles, usaremos siempre como referencia anat\u00f3mica la cortical del calc\u00e1neo. A partir de ella, podremos reconocer el resto de estructuras. Veamos una imagen ecogr\u00e1fica real:<\/p>\n\n\n<div class=\"wp-block-image\">\n<figure class=\"aligncenter size-full\"><img loading=\"lazy\" decoding=\"async\" width=\"457\" height=\"435\" src=\"https:\/\/easyfisioterapia.com\/blog\/wp-content\/uploads\/2025\/04\/Ecografia-tendon-de-Aquiles.jpg\" alt=\"Ecograf\u00eda tend\u00f3n de Aquiles\" class=\"wp-image-2458\" title=\"Ecograf\u00eda tend\u00f3n de Aquiles\" srcset=\"https:\/\/easyfisioterapia.com\/blog\/wp-content\/uploads\/2025\/04\/Ecografia-tendon-de-Aquiles.jpg 457w, https:\/\/easyfisioterapia.com\/blog\/wp-content\/uploads\/2025\/04\/Ecografia-tendon-de-Aquiles-300x286.jpg 300w\" sizes=\"auto, (max-width: 457px) 100vw, 457px\" \/><\/figure><\/div>\n\n\n<p><\/p>\n\n\n<div class=\"wp-block-image\">\n<figure class=\"aligncenter size-full\"><img loading=\"lazy\" decoding=\"async\" width=\"451\" height=\"429\" src=\"https:\/\/easyfisioterapia.com\/blog\/wp-content\/uploads\/2025\/04\/Ecografia-tendon-de-Aquiles-partes-anatomicas.jpg\" alt=\"Ecograf\u00eda tend\u00f3n de Aquiles partes anatomicas\" class=\"wp-image-2459\" title=\"Ecograf\u00eda tend\u00f3n de Aquiles partes anatomicas\" srcset=\"https:\/\/easyfisioterapia.com\/blog\/wp-content\/uploads\/2025\/04\/Ecografia-tendon-de-Aquiles-partes-anatomicas.jpg 451w, https:\/\/easyfisioterapia.com\/blog\/wp-content\/uploads\/2025\/04\/Ecografia-tendon-de-Aquiles-partes-anatomicas-300x285.jpg 300w\" sizes=\"auto, (max-width: 451px) 100vw, 451px\" \/><\/figure><\/div>\n\n\n<p><\/p>\n\n\n\n<p>En una interfase superficial podemos diferenciar el <strong>tend\u00f3n de Aquiles<\/strong>, cuyo grosor puede variar en funci\u00f3n del \u00edndice de masa corporal, edad y nivel de actividad f\u00edsica de la persona.<\/p>\n\n\n\n<p>La<strong> grasa de Kager<\/strong> presenta una forma de tri\u00e1ngulo is\u00f3sceles tumbado, siendo la parte m\u00e1s proximal hipoecoica y situ\u00e1ndose entre el flexor largo del primer dedo y el tend\u00f3n de Aquiles.<\/p>\n\n\n\n<p>Con respecto al <strong>flexor largo del primer dedo<\/strong>, la mejor forma de distinguirlo es realizar una exploraci\u00f3n din\u00e1mica. La mano del explorador que no maneja la sonda, realizar\u00e1 movilizaciones del primer dedo para ver c\u00f3mo se comporta el vientre muscular.<br>Con respecto a las bursas, tendremos la <strong>bursa retrocalc\u00e1nea<\/strong> que se localiza entre el tend\u00f3n de Aquiles y el calc\u00e1neo. Podremos distinguir una <strong>peque\u00f1a zona hipoecoica de 3mm con forma de \u201ccoma\u201d<\/strong>. Su esquema anat\u00f3mico es el siguiente:<\/p>\n\n\n<div class=\"wp-block-image\">\n<figure class=\"aligncenter size-full is-resized\"><img loading=\"lazy\" decoding=\"async\" width=\"1024\" height=\"1024\" src=\"https:\/\/easyfisioterapia.com\/blog\/wp-content\/uploads\/2025\/04\/Bursa-retrocalcanea-ecografia-tendon-aquiles.png\" alt=\"Bursa retrocalcanea ecografia tendon aquiles\" class=\"wp-image-2460\" style=\"width:455px;height:undefinedpx\" title=\"Bursa retrocalcanea ecografia tendon aquiles\" srcset=\"https:\/\/easyfisioterapia.com\/blog\/wp-content\/uploads\/2025\/04\/Bursa-retrocalcanea-ecografia-tendon-aquiles.png 1024w, https:\/\/easyfisioterapia.com\/blog\/wp-content\/uploads\/2025\/04\/Bursa-retrocalcanea-ecografia-tendon-aquiles-980x980.png 980w, https:\/\/easyfisioterapia.com\/blog\/wp-content\/uploads\/2025\/04\/Bursa-retrocalcanea-ecografia-tendon-aquiles-480x480.png 480w\" sizes=\"auto, (min-width: 0px) and (max-width: 480px) 480px, (min-width: 481px) and (max-width: 980px) 980px, (min-width: 981px) 1024px, 100vw\" \/><\/figure><\/div>\n\n\n<p><\/p>\n\n\n\n<p>Por otro lado, la <strong>bursa retroaqu\u00edlea<\/strong> se encuentra de forma superficial al tend\u00f3n de Aquiles y en condiciones normales no ser\u00e1 distinguible a la ecograf\u00eda.<\/p>\n\n\n\n<p>Si nos vamos a un<strong> corte longitudinal<\/strong>, podremos seguir el trayecto del tend\u00f3n desde su origen en la uni\u00f3n miotendinosa del tr\u00edceps sural hasta su inserci\u00f3n en la tuberosidad posterosuperior del calc\u00e1neo. En condiciones normales, el tend\u00f3n mostrar\u00e1 un<strong> patr\u00f3n fibrilar lineal y bien organizado<\/strong>, con un <strong>grosor uniforme<\/strong> a lo largo de su eje.<\/p>\n\n\n\n<p>La exploraci\u00f3n longitudinal resulta especialmente \u00fatil para valorar la<strong> continuidad del tend\u00f3n<\/strong>, la<strong> organizaci\u00f3n de las fibras col\u00e1genas<\/strong>, la presencia de <strong>roturas <\/strong>parciales o completas y para identificar <strong>calcificaciones <\/strong>o zonas de <strong>degeneraci\u00f3n focal<\/strong>.<\/p>\n\n\n\n<p>En este corte, habr\u00e1 que tener cuidado en la zona de la <strong>inserci\u00f3n del tend\u00f3n<\/strong> sobre el calc\u00e1neo. Es habitual ver una<strong> imagen hipoecoica<\/strong> por el \u00e1ngulo de las fibras. Para no confundirlo con una lesi\u00f3n, se recomienda mover ligeramente la sonda o valorar el tend\u00f3n realizando el paciente una flexi\u00f3n plantar.<\/p>\n\n\n\n<h2 class=\"wp-block-heading\">Ecograf\u00eda patol\u00f3gica del tend\u00f3n de Aquiles: roturas y tendinopat\u00edas<\/h2>\n\n\n\n<h3 class=\"wp-block-heading\">\u00bfCu\u00e1les son las distintas afectaciones a explorar en el tend\u00f3n de Aquiles?<\/h3>\n\n\n\n<p>La patolog\u00eda del tend\u00f3n de Aquiles puede ser variada, incluyendo:<\/p>\n\n\n\n<ul class=\"wp-block-list\">\n<li><strong>Paratenonitis<\/strong>: inflamaci\u00f3n del paraten\u00f3n que puede presentar l\u00edquido anecoico entre \u00e9ste y el tend\u00f3n en fases agudas. En fases cr\u00f3nicas, se observan engrosamiento del paraten\u00f3n y cambios inflamatorios en la grasa de Kager.<br><\/li>\n\n\n\n<li><strong>Tendinopat\u00eda<\/strong>: engrosamiento hipoecoico del tend\u00f3n con p\u00e9rdida del patr\u00f3n fibrilar y aumento de la vascularizaci\u00f3n, especialmente en el tercio medio. Puede ser difusa o focal y asociarse a dolor cr\u00f3nico por neoinervaci\u00f3n.<br><\/li>\n\n\n\n<li><strong>Entesopat\u00eda<\/strong>: afecta la inserci\u00f3n en el calc\u00e1neo. Es frecuente en la <a href=\"https:\/\/easyfisioterapia.com\/blog\/la-entesipatia-aquilea-abordaje-invasivo-del-nervio-sural\/\" target=\"_blank\" rel=\"noreferrer noopener\">entesopat\u00eda del tend\u00f3n de Aquiles<\/a> observar una hipertrofia del tub\u00e9rculo posterosuperior, engrosamiento del tend\u00f3n con desestructuraci\u00f3n fibrilar y neovascularizaci\u00f3n de la bursa retroaqu\u00edlea. Tambi\u00e9n son t\u00edpicas las calcificaciones insercionales y signos \u00f3seos como espolones o entesofitos de tracci\u00f3n.<br><\/li>\n\n\n\n<li><strong>Roturas tendinosas<\/strong>: las parciales aparecen como defectos hipoecoicos que no comprometen todo el espesor del tend\u00f3n. Las completas muestran discontinuidad total, hematoma y separaci\u00f3n de cabos, con o sin retracci\u00f3n.<\/li>\n<\/ul>\n\n\n\n<p>Veamos a continuaci\u00f3n algunas im\u00e1genes patol\u00f3gicas que encontramos a menudo en la pr\u00e1ctica cl\u00ednica:<\/p>\n\n\n\n<h3 class=\"wp-block-heading\">Rotura parcial del tend\u00f3n de Aquiles: interfase profunda<\/h3>\n\n\n<div class=\"wp-block-image\">\n<figure class=\"aligncenter size-large is-resized\"><img loading=\"lazy\" decoding=\"async\" width=\"1024\" height=\"604\" src=\"https:\/\/easyfisioterapia.com\/blog\/wp-content\/uploads\/2025\/04\/Rotura-parcial-tendon-de-Aquiles-1024x604.jpeg\" alt=\"Rotura parcial tend\u00f3n de Aquiles\" class=\"wp-image-2462\" style=\"width:491px;height:undefinedpx\" title=\"Rotura parcial tend\u00f3n de Aquiles\" srcset=\"https:\/\/easyfisioterapia.com\/blog\/wp-content\/uploads\/2025\/04\/Rotura-parcial-tendon-de-Aquiles-1024x604.jpeg 1024w, https:\/\/easyfisioterapia.com\/blog\/wp-content\/uploads\/2025\/04\/Rotura-parcial-tendon-de-Aquiles-980x579.jpeg 980w, https:\/\/easyfisioterapia.com\/blog\/wp-content\/uploads\/2025\/04\/Rotura-parcial-tendon-de-Aquiles-480x283.jpeg 480w\" sizes=\"auto, (min-width: 0px) and (max-width: 480px) 480px, (min-width: 481px) and (max-width: 980px) 980px, (min-width: 981px) 1024px, 100vw\" \/><\/figure><\/div>\n\n\n<p><\/p>\n\n\n\n<p>En esta imagen se puede ver una <strong>zona anecoica en la interfase profunda<\/strong> del tend\u00f3n. Se puede observar una p\u00e9rdida de continuidad del patr\u00f3n fibrilar de las fibras tendinosas.<\/p>\n\n\n\n<p>Por la localizaci\u00f3n de la zona anecoica, podr\u00eda confundirse con una bursitis. No obstante, en una bursitis las fibras tendinosas posteriores mantendr\u00edan su continuidad (a diferencia de la imagen anterior).<\/p>\n\n\n\n<h3 class=\"wp-block-heading\">Alteraci\u00f3n de la grasa de Kager<\/h3>\n\n\n<div class=\"wp-block-image\">\n<figure class=\"aligncenter size-large is-resized\"><img loading=\"lazy\" decoding=\"async\" width=\"1024\" height=\"564\" src=\"https:\/\/easyfisioterapia.com\/blog\/wp-content\/uploads\/2025\/04\/Alteracion-grasa-de-Kager-1024x564.jpeg\" alt=\"Alteraci\u00f3n grasa de Kager\" class=\"wp-image-2463\" style=\"width:515px;height:undefinedpx\" title=\"Alteraci\u00f3n grasa de Kager\" srcset=\"https:\/\/easyfisioterapia.com\/blog\/wp-content\/uploads\/2025\/04\/Alteracion-grasa-de-Kager-1024x564.jpeg 1024w, https:\/\/easyfisioterapia.com\/blog\/wp-content\/uploads\/2025\/04\/Alteracion-grasa-de-Kager-980x539.jpeg 980w, https:\/\/easyfisioterapia.com\/blog\/wp-content\/uploads\/2025\/04\/Alteracion-grasa-de-Kager-480x264.jpeg 480w\" sizes=\"auto, (min-width: 0px) and (max-width: 480px) 480px, (min-width: 481px) and (max-width: 980px) 980px, (min-width: 981px) 1024px, 100vw\" \/><\/figure><\/div>\n\n\n<p><\/p>\n\n\n<div class=\"wp-block-image\">\n<figure class=\"aligncenter size-large is-resized\"><img loading=\"lazy\" decoding=\"async\" width=\"1024\" height=\"599\" src=\"https:\/\/easyfisioterapia.com\/blog\/wp-content\/uploads\/2025\/04\/Alteracion-grasa-de-Kager-senalada-1024x599.jpeg\" alt=\"Alteraci\u00f3n grasa de Kager se\u00f1alada\" class=\"wp-image-2464\" style=\"width:515px;height:undefinedpx\" title=\"Alteraci\u00f3n grasa de Kager se\u00f1alada\" srcset=\"https:\/\/easyfisioterapia.com\/blog\/wp-content\/uploads\/2025\/04\/Alteracion-grasa-de-Kager-senalada-1024x599.jpeg 1024w, https:\/\/easyfisioterapia.com\/blog\/wp-content\/uploads\/2025\/04\/Alteracion-grasa-de-Kager-senalada-980x573.jpeg 980w, https:\/\/easyfisioterapia.com\/blog\/wp-content\/uploads\/2025\/04\/Alteracion-grasa-de-Kager-senalada-480x281.jpeg 480w\" sizes=\"auto, (min-width: 0px) and (max-width: 480px) 480px, (min-width: 481px) and (max-width: 980px) 980px, (min-width: 981px) 1024px, 100vw\" \/><\/figure><\/div>\n\n\n<p><\/p>\n\n\n\n<p>En esta imagen, podemos observar que el patr\u00f3n fibrilar del tend\u00f3n mantiene su continuidad, mantiene bien definida su delimitaci\u00f3n a nivel profundo. Justo bajo esa delimitaci\u00f3n, observaremos una <strong>zona anecoica en la grasa de Kager<\/strong>, la cual indica una desestructuraci\u00f3n de la misma.<\/p>\n\n\n\n<h3 class=\"wp-block-heading\">Tendinopat\u00eda del tend\u00f3n de Aquiles<\/h3>\n\n\n<div class=\"wp-block-image\">\n<figure class=\"aligncenter size-large is-resized\"><img loading=\"lazy\" decoding=\"async\" width=\"1024\" height=\"640\" src=\"https:\/\/easyfisioterapia.com\/blog\/wp-content\/uploads\/2025\/04\/Tendinopatia-del-tendon-de-Aquiles-1024x640.jpeg\" alt=\"Tendinopat\u00eda del tend\u00f3n de Aquiles\" class=\"wp-image-2465\" style=\"width:507px;height:undefinedpx\" title=\"Tendinopat\u00eda del tend\u00f3n de Aquiles\" srcset=\"https:\/\/easyfisioterapia.com\/blog\/wp-content\/uploads\/2025\/04\/Tendinopatia-del-tendon-de-Aquiles-1024x640.jpeg 1024w, https:\/\/easyfisioterapia.com\/blog\/wp-content\/uploads\/2025\/04\/Tendinopatia-del-tendon-de-Aquiles-980x613.jpeg 980w, https:\/\/easyfisioterapia.com\/blog\/wp-content\/uploads\/2025\/04\/Tendinopatia-del-tendon-de-Aquiles-480x300.jpeg 480w\" sizes=\"auto, (min-width: 0px) and (max-width: 480px) 480px, (min-width: 481px) and (max-width: 980px) 980px, (min-width: 981px) 1024px, 100vw\" \/><\/figure><\/div>\n\n\n<p><\/p>\n\n\n\n<p>En esta imagen muestra un tend\u00f3n de Aquiles engrosado. Mientras que la parte de la izquierda (proximal) mantiene un tama\u00f1o normal, la parte de la derecha (distal) el tend\u00f3n se abomba.<\/p>\n\n\n\n<p>Ese <strong>engrosamiento difuso<\/strong> es un signo t\u00edpico de las tendinopat\u00edas, que en este caso el paciente sufr\u00eda desde hac\u00eda 1 a\u00f1o. Igualmente, la imagen muestra<strong> neovascularizaci\u00f3n<\/strong> asociada a la <a href=\"https:\/\/easyfisioterapia.com\/blog\/la-tendinopatia-del-tendon-de-aquiles\/\" target=\"_blank\" rel=\"noreferrer noopener\">tendinopat\u00eda del tend\u00f3n de Aquiles<\/a>.<\/p>\n\n\n\n<h2 class=\"wp-block-heading\">Valoraci\u00f3n din\u00e1mica en la ecograf\u00eda del tend\u00f3n de Aquiles<\/h2>\n\n\n\n<p>Aunque la exploraci\u00f3n est\u00e1tica del tend\u00f3n de Aquiles puede ofrecer informaci\u00f3n estructural relevante, si solo nos quedamos en ella, nos estaremos perdiendo la informaci\u00f3n sobre el comportamiento funcional del tend\u00f3n. Es por ello que integrar una <strong>valoraci\u00f3n din\u00e1mica<\/strong> en el protocolo ecogr\u00e1fico ser\u00e1 clave para <strong>completar el diagn\u00f3stico<\/strong>. Sobre todo en pacientes intervenidos <strong>quir\u00fargicamente <\/strong>o en fases <strong>avanzadas de recuperaci\u00f3n<\/strong>.<\/p>\n\n\n\n<p>La valoraci\u00f3n din\u00e1mica del tend\u00f3n nos permitir\u00e1 ver<strong> si la fuerza generada por el tr\u00edceps sural se transmite adecuadamente a lo largo del tend\u00f3n<\/strong> durante la flexi\u00f3n plantar activa. En <strong>condiciones normale<\/strong>s, esta contracci\u00f3n provoca<strong> tensi\u00f3n visible sobre el tend\u00f3n<\/strong>, que se traduce en un patr\u00f3n fibrilar estirado y bien alineado en la imagen ecogr\u00e1fica. En cambio, si el tend\u00f3n <strong>aparece ondulado o no se genera tensi\u00f3n<\/strong>, puede indicar una <strong>disfunci\u00f3n <\/strong>(elongaci\u00f3n cicatricial, falta de activaci\u00f3n muscular o incluso una rotura no diagnosticada).<\/p>\n\n\n\n<p><strong>\u00bfC\u00f3mo realizarla?<\/strong><\/p>\n\n\n\n<p>El protocolo para realizar esta exploraci\u00f3n din\u00e1mica consiste en colocar al paciente en<strong> dec\u00fabito prono con los pies fuera de la camilla<\/strong>. Desde esta posici\u00f3n, colocamos la sonda en <strong>eje longitudinal, justo por encima de la inserci\u00f3n calc\u00e1nea<\/strong>, buscando una buena visualizaci\u00f3n de las fibras tendinosas.<\/p>\n\n\n<div class=\"wp-block-image\">\n<figure class=\"aligncenter size-full is-resized\"><img loading=\"lazy\" decoding=\"async\" width=\"672\" height=\"380\" src=\"https:\/\/easyfisioterapia.com\/blog\/wp-content\/uploads\/2025\/04\/Exploracion-dinamica-ecografica-tendon-Aquiles-posicion.jpg\" alt=\"Exploracion dinamica ecografica tendon Aquiles - posicion\" class=\"wp-image-2466\" style=\"width:510px;height:undefinedpx\" title=\"Exploracion dinamica ecografica tendon Aquiles - posicion\" srcset=\"https:\/\/easyfisioterapia.com\/blog\/wp-content\/uploads\/2025\/04\/Exploracion-dinamica-ecografica-tendon-Aquiles-posicion.jpg 672w, https:\/\/easyfisioterapia.com\/blog\/wp-content\/uploads\/2025\/04\/Exploracion-dinamica-ecografica-tendon-Aquiles-posicion-480x271.jpg 480w\" sizes=\"auto, (min-width: 0px) and (max-width: 480px) 480px, (min-width: 481px) 672px, 100vw\" \/><\/figure><\/div>\n\n\n<p><\/p>\n\n\n\n<p>Primero se observa el tend\u00f3n en reposo, valorando si presenta una <strong>estructura lineal en tensi\u00f3n<\/strong> o si se encuentra <strong>ondulado o desestructurado<\/strong>. A continuaci\u00f3n, se solicita al paciente una <strong>flexi\u00f3n plantar activa contra resistencia<\/strong>, aplicando esta resistencia con la mano del explorador sobre la parte anterior del pie.<\/p>\n\n\n\n<p>Durante la contracci\u00f3n, un tend\u00f3n funcional debe mostrar un aumento de la tensi\u00f3n y alineaci\u00f3n de las fibras. En caso contrario, si las fibras siguen onduladas o no se tensan, indicar\u00eda una<strong> disfunci\u00f3n del complejo m\u00fasculo-tend\u00f3n<\/strong> del tr\u00edceps sural.<\/p>\n\n\n\n<p>A continuaci\u00f3n, puedes observar una imagen ecogr\u00e1fica de un paciente operado hace 3 meses por una ruptura del tend\u00f3n de Aquiles. En la izquierda el tend\u00f3n estar\u00eda en reposo y en la derecha estar\u00eda haciendo una flexi\u00f3n plantar contraresistencia.<\/p>\n\n\n<div class=\"wp-block-image\">\n<figure class=\"aligncenter size-full\"><img loading=\"lazy\" decoding=\"async\" width=\"689\" height=\"261\" src=\"https:\/\/easyfisioterapia.com\/blog\/wp-content\/uploads\/2025\/04\/prueba-ecografica-flexion-plantar-1-buena-funcion.jpg\" alt=\"prueba ecografica flexion plantar 1 buena funcion\" class=\"wp-image-2467\" title=\"prueba ecografica flexion plantar 1 buena funcion\" srcset=\"https:\/\/easyfisioterapia.com\/blog\/wp-content\/uploads\/2025\/04\/prueba-ecografica-flexion-plantar-1-buena-funcion.jpg 689w, https:\/\/easyfisioterapia.com\/blog\/wp-content\/uploads\/2025\/04\/prueba-ecografica-flexion-plantar-1-buena-funcion-480x182.jpg 480w\" sizes=\"auto, (min-width: 0px) and (max-width: 480px) 480px, (min-width: 481px) 689px, 100vw\" \/><\/figure><\/div>\n\n\n<p><\/p>\n\n\n\n<p>Como se observa, las fibras del tend\u00f3n son lineales al aplicar resistencia, sin ondulaci\u00f3n alguna, lo que indica una buena funci\u00f3n del tend\u00f3n.<\/p>\n\n\n\n<p>Por otro lado, podemos ver esta imagen de otro paciente tambi\u00e9n operado hace 3 meses por una rotura del tend\u00f3n. Al igual que antes, a la izquierda el tend\u00f3n se encuentra en reposo y a la derecha durante una flexi\u00f3n plantar activa contra resistencia.<\/p>\n\n\n<div class=\"wp-block-image\">\n<figure class=\"aligncenter size-full\"><img loading=\"lazy\" decoding=\"async\" width=\"689\" height=\"255\" src=\"https:\/\/easyfisioterapia.com\/blog\/wp-content\/uploads\/2025\/04\/prueba-ecografica-flexion-plantar-2-mala-funcion.jpg\" alt=\"prueba ecografica flexion plantar 2 mala funcion\" class=\"wp-image-2468\" title=\"prueba ecografica flexion plantar 2 mala funcion\" srcset=\"https:\/\/easyfisioterapia.com\/blog\/wp-content\/uploads\/2025\/04\/prueba-ecografica-flexion-plantar-2-mala-funcion.jpg 689w, https:\/\/easyfisioterapia.com\/blog\/wp-content\/uploads\/2025\/04\/prueba-ecografica-flexion-plantar-2-mala-funcion-480x178.jpg 480w\" sizes=\"auto, (min-width: 0px) and (max-width: 480px) 480px, (min-width: 481px) 689px, 100vw\" \/><\/figure><\/div>\n\n\n<p><\/p>\n\n\n\n<p>A diferencia de lo esperado en un tend\u00f3n funcional, durante la contracci\u00f3n las fibras aparecen onduladas y sin tensi\u00f3n, al igual que las suturas quir\u00fargicas visibles en la imagen. Esto indica que el movimiento no se realiza gracias al tr\u00edceps sural, sino probablemente por la acci\u00f3n compensatoria de otros flexores plantares. El tend\u00f3n, en este caso, se comporta como una estructura elongada y funcionalmente ineficaz.<\/p>\n\n\n\n<p>La valoraci\u00f3n din\u00e1mica del tend\u00f3n de Aquiles <strong>aporta informaci\u00f3n funcional que complementa<\/strong> de forma muy \u00fatil a la exploraci\u00f3n en reposo. A diferencia del test de elevaci\u00f3n del tal\u00f3n tradicional, esta prueba puede aplicarse incluso en<strong> fases precoces<\/strong> del postoperatorio.<\/p>\n\n\n\n<p>Permite observar directamente si el tend\u00f3n transmite correctamente la fuerza generada por el tr\u00edceps sural, ya que hay casos en los que el tend\u00f3n muestra una <strong>apariencia estructural aceptable en reposo<\/strong>, pero sufre una <strong>disfunci\u00f3n mec\u00e1nica<\/strong> cuando se le exige trabajo activo.<\/p>\n\n\n\n<p>Adem\u00e1s, nos permitir\u00e1 realizar una<strong> detecci\u00f3n precoz de elongaciones posquir\u00fargicas<\/strong>, una de las complicaciones m\u00e1s relevantes tras una reparaci\u00f3n tendinosa.<\/p>\n\n\n\n<h2 class=\"wp-block-heading has-text-align-center\">\u00bfTe est\u00e1 siendo \u00fatil? esto es un 0,1% de lo que puedes aprender con nuestro m\u00e1ster<\/h2>\n\n\n\n<p>\u2705 Dominar\u00e1s la ecograf\u00eda en tan solo <strong>3 meses<\/strong>, con clases ya grabadas para que aprendas <strong>a tu ritmo<\/strong>.<\/p>\n\n\n\n<p>\u2705 Actualizado en 2026, con un <strong>extra en anatom\u00eda<\/strong> para que sepas exactamente qu\u00e9 estructuras hay bajo la sonda y te orientes f\u00e1cilmente en la exploraci\u00f3n.<\/p>\n\n\n\n<p>\u2705 \u00danico m\u00e1ster con <strong>acceso ilimitado<\/strong> y <strong>soporte<\/strong> de dudas y casos cl\u00ednicos <strong>permanente<\/strong>.<\/p>\n\n\n\n<p class=\"has-text-align-center\"><strong>Solicita informaci\u00f3n a trav\u00e9s de este formulario<\/strong><\/p>\n\n\n\n<div class=\"wp-block-group\"><div class=\"wp-block-group__inner-container is-layout-flow wp-block-group-is-layout-flow\"><div class=\"\"><div class='_form_25'><\/div><script type='text\/javascript' src='https:\/\/easyfisioterapia.activehosted.com\/f\/embed.php?static=0&id=25&69EE457D4046F&nostyles=0&preview=0'><\/script><\/div><\/div><\/div>\n\n\n\n<h2 class=\"wp-block-heading\">Conclusiones<\/h2>\n\n\n\n<p>La ecograf\u00eda del tend\u00f3n de Aquiles, tanto en su modalidad <strong>est\u00e1tica<\/strong> como <strong>din\u00e1mica<\/strong>, permite una<strong> valoraci\u00f3n precisa de la integridad estructural y funcional<\/strong> del tend\u00f3n. Integrar esta herramienta en la pr\u00e1ctica cl\u00ednica del fisioterapeuta no solo mejora el diagn\u00f3stico, sino que tambi\u00e9n permite ajustar los protocolos de tratamiento en funci\u00f3n de hallazgos espec\u00edficos.<\/p>\n\n\n\n<h2 class=\"wp-block-heading\">Bibliograf\u00eda<\/h2>\n\n\n\n<ul class=\"wp-block-list\">\n<li><a href=\"https:\/\/easyfisioterapia.com\/cursos-ecografia\/easy-top-ecografiamiembro-superior-y-miembro-inferior.html\" target=\"_blank\" rel=\"noreferrer noopener\">Master en ecograf\u00eda<\/a>, EASY TOP ECOGRAF\u00cdA<\/li>\n\n\n\n<li>Ciszkowska-\u0141yso\u0144, B., Zdanowicz, U., &amp; \u015amigielski, R. (2021). The ultrasonographic dynamic heel-rise test of the Achilles tendon. Journal of Ultrasonography, 21(86), e260\u2013e266.<\/li>\n<\/ul>\n","protected":false},"excerpt":{"rendered":"<p>Ecograf\u00eda del tend\u00f3n de Aquiles: exploraci\u00f3n est\u00e1tica y din\u00e1mica en fisioterapia<\/p>\n","protected":false},"author":4,"featured_media":0,"comment_status":"closed","ping_status":"open","sticky":false,"template":"","format":"standard","meta":{"_et_pb_use_builder":"off","_et_pb_old_content":"","_et_gb_content_width":"","footnotes":""},"categories":[11],"tags":[17,47],"class_list":["post-2448","post","type-post","status-publish","format-standard","hentry","category-ecografia","tag-pie","tag-tendon-de-aquiles"],"yoast_head":"<!-- This site is optimized with the Yoast SEO plugin v27.3 - https:\/\/yoast.com\/product\/yoast-seo-wordpress\/ -->\n<title>Ecograf\u00eda del tend\u00f3n de Aquiles: exploraci\u00f3n est\u00e1tica y din\u00e1mica en fisioterapia - Easy Fisioterapia Ecograf\u00eda del tend\u00f3n de Aquiles: exploraci\u00f3n est\u00e1tica y din\u00e1mica en fisioterapia<\/title>\n<meta name=\"description\" content=\"Domina la ecograf\u00eda del tend\u00f3n de Aquiles, tanto en exploraci\u00f3n est\u00e1tica como din\u00e1mica en fisioterapia y util\u00edzalo en cl\u00ednica\" \/>\n<meta name=\"robots\" content=\"index, follow, max-snippet:-1, max-image-preview:large, max-video-preview:-1\" \/>\n<link rel=\"canonical\" href=\"https:\/\/easyfisioterapia.com\/blog\/ecografia-del-tendon-de-aquiles-exploracion-estatica-y-dinamica-en-fisioterapia\/\" \/>\n<meta property=\"og:locale\" content=\"es_ES\" \/>\n<meta property=\"og:type\" content=\"article\" \/>\n<meta property=\"og:title\" content=\"Ecograf\u00eda del tend\u00f3n de Aquiles\" \/>\n<meta property=\"og:description\" content=\"Ecograf\u00eda del tend\u00f3n de Aquiles: exploraci\u00f3n est\u00e1tica y din\u00e1mica en fisioterapia\" \/>\n<meta property=\"og:url\" content=\"https:\/\/easyfisioterapia.com\/blog\/ecografia-del-tendon-de-aquiles-exploracion-estatica-y-dinamica-en-fisioterapia\/\" \/>\n<meta property=\"og:site_name\" content=\"Easy Fisioterapia\" \/>\n<meta property=\"article:published_time\" content=\"2025-04-10T05:30:00+00:00\" \/>\n<meta property=\"article:modified_time\" content=\"2026-04-04T08:38:08+00:00\" \/>\n<meta property=\"og:image\" content=\"https:\/\/easyfisioterapia.com\/blog\/wp-content\/uploads\/2025\/04\/Exploracion-dinamica-ecografica-tendon-Aquiles-posicion.jpg\" \/>\n\t<meta property=\"og:image:width\" content=\"672\" \/>\n\t<meta property=\"og:image:height\" content=\"380\" \/>\n\t<meta property=\"og:image:type\" content=\"image\/jpeg\" \/>\n<meta name=\"author\" content=\"Easy\" \/>\n<meta name=\"twitter:card\" content=\"summary_large_image\" \/>\n<meta name=\"twitter:title\" content=\"Ecograf\u00eda del tend\u00f3n de Aquiles\" \/>\n<meta name=\"twitter:description\" content=\"Ecograf\u00eda del tend\u00f3n de Aquiles: exploraci\u00f3n est\u00e1tica y din\u00e1mica en fisioterapia\" \/>\n<meta name=\"twitter:image\" content=\"https:\/\/easyfisioterapia.com\/blog\/wp-content\/uploads\/2025\/04\/Exploracion-dinamica-ecografica-tendon-Aquiles-posicion.jpg\" \/>\n<meta name=\"twitter:label1\" content=\"Escrito por\" \/>\n\t<meta name=\"twitter:data1\" content=\"Easy\" \/>\n\t<meta name=\"twitter:label2\" content=\"Tiempo de lectura\" \/>\n\t<meta name=\"twitter:data2\" content=\"11 minutos\" \/>\n<script type=\"application\/ld+json\" class=\"yoast-schema-graph\">{\"@context\":\"https:\\\/\\\/schema.org\",\"@graph\":[{\"@type\":\"Article\",\"@id\":\"https:\\\/\\\/easyfisioterapia.com\\\/blog\\\/ecografia-del-tendon-de-aquiles-exploracion-estatica-y-dinamica-en-fisioterapia\\\/#article\",\"isPartOf\":{\"@id\":\"https:\\\/\\\/easyfisioterapia.com\\\/blog\\\/ecografia-del-tendon-de-aquiles-exploracion-estatica-y-dinamica-en-fisioterapia\\\/\"},\"author\":{\"name\":\"Easy\",\"@id\":\"https:\\\/\\\/easyfisioterapia.com\\\/blog\\\/#\\\/schema\\\/person\\\/77a0ff3c051c193379f45655a9b02c88\"},\"headline\":\"Ecograf\u00eda del tend\u00f3n de Aquiles: exploraci\u00f3n est\u00e1tica y din\u00e1mica en fisioterapia\",\"datePublished\":\"2025-04-10T05:30:00+00:00\",\"dateModified\":\"2026-04-04T08:38:08+00:00\",\"mainEntityOfPage\":{\"@id\":\"https:\\\/\\\/easyfisioterapia.com\\\/blog\\\/ecografia-del-tendon-de-aquiles-exploracion-estatica-y-dinamica-en-fisioterapia\\\/\"},\"wordCount\":2048,\"image\":{\"@id\":\"https:\\\/\\\/easyfisioterapia.com\\\/blog\\\/ecografia-del-tendon-de-aquiles-exploracion-estatica-y-dinamica-en-fisioterapia\\\/#primaryimage\"},\"thumbnailUrl\":\"https:\\\/\\\/easyfisioterapia.com\\\/blog\\\/wp-content\\\/uploads\\\/2025\\\/04\\\/Posicion-paciente-exploracion-tendon-aquiles-ecografia.jpg\",\"keywords\":[\"pie\",\"tend\u00f3n de Aquiles\"],\"articleSection\":[\"Ecograf\u00eda\"],\"inLanguage\":\"es\"},{\"@type\":\"WebPage\",\"@id\":\"https:\\\/\\\/easyfisioterapia.com\\\/blog\\\/ecografia-del-tendon-de-aquiles-exploracion-estatica-y-dinamica-en-fisioterapia\\\/\",\"url\":\"https:\\\/\\\/easyfisioterapia.com\\\/blog\\\/ecografia-del-tendon-de-aquiles-exploracion-estatica-y-dinamica-en-fisioterapia\\\/\",\"name\":\"Ecograf\u00eda del tend\u00f3n de Aquiles: exploraci\u00f3n est\u00e1tica y din\u00e1mica en fisioterapia - Easy Fisioterapia Ecograf\u00eda del tend\u00f3n de Aquiles: exploraci\u00f3n est\u00e1tica y din\u00e1mica en fisioterapia\",\"isPartOf\":{\"@id\":\"https:\\\/\\\/easyfisioterapia.com\\\/blog\\\/#website\"},\"primaryImageOfPage\":{\"@id\":\"https:\\\/\\\/easyfisioterapia.com\\\/blog\\\/ecografia-del-tendon-de-aquiles-exploracion-estatica-y-dinamica-en-fisioterapia\\\/#primaryimage\"},\"image\":{\"@id\":\"https:\\\/\\\/easyfisioterapia.com\\\/blog\\\/ecografia-del-tendon-de-aquiles-exploracion-estatica-y-dinamica-en-fisioterapia\\\/#primaryimage\"},\"thumbnailUrl\":\"https:\\\/\\\/easyfisioterapia.com\\\/blog\\\/wp-content\\\/uploads\\\/2025\\\/04\\\/Posicion-paciente-exploracion-tendon-aquiles-ecografia.jpg\",\"datePublished\":\"2025-04-10T05:30:00+00:00\",\"dateModified\":\"2026-04-04T08:38:08+00:00\",\"author\":{\"@id\":\"https:\\\/\\\/easyfisioterapia.com\\\/blog\\\/#\\\/schema\\\/person\\\/77a0ff3c051c193379f45655a9b02c88\"},\"description\":\"Domina la ecograf\u00eda del tend\u00f3n de Aquiles, tanto en exploraci\u00f3n est\u00e1tica como din\u00e1mica en fisioterapia y util\u00edzalo en cl\u00ednica\",\"inLanguage\":\"es\",\"potentialAction\":[{\"@type\":\"ReadAction\",\"target\":[\"https:\\\/\\\/easyfisioterapia.com\\\/blog\\\/ecografia-del-tendon-de-aquiles-exploracion-estatica-y-dinamica-en-fisioterapia\\\/\"]}]},{\"@type\":\"ImageObject\",\"inLanguage\":\"es\",\"@id\":\"https:\\\/\\\/easyfisioterapia.com\\\/blog\\\/ecografia-del-tendon-de-aquiles-exploracion-estatica-y-dinamica-en-fisioterapia\\\/#primaryimage\",\"url\":\"https:\\\/\\\/easyfisioterapia.com\\\/blog\\\/wp-content\\\/uploads\\\/2025\\\/04\\\/Posicion-paciente-exploracion-tendon-aquiles-ecografia.jpg\",\"contentUrl\":\"https:\\\/\\\/easyfisioterapia.com\\\/blog\\\/wp-content\\\/uploads\\\/2025\\\/04\\\/Posicion-paciente-exploracion-tendon-aquiles-ecografia.jpg\",\"width\":883,\"height\":499},{\"@type\":\"WebSite\",\"@id\":\"https:\\\/\\\/easyfisioterapia.com\\\/blog\\\/#website\",\"url\":\"https:\\\/\\\/easyfisioterapia.com\\\/blog\\\/\",\"name\":\"Easy Fisioterapia\",\"description\":\"Aprender ecograf\u00eda nunca fue tan EASY\",\"potentialAction\":[{\"@type\":\"SearchAction\",\"target\":{\"@type\":\"EntryPoint\",\"urlTemplate\":\"https:\\\/\\\/easyfisioterapia.com\\\/blog\\\/?s={search_term_string}\"},\"query-input\":{\"@type\":\"PropertyValueSpecification\",\"valueRequired\":true,\"valueName\":\"search_term_string\"}}],\"inLanguage\":\"es\"},{\"@type\":\"Person\",\"@id\":\"https:\\\/\\\/easyfisioterapia.com\\\/blog\\\/#\\\/schema\\\/person\\\/77a0ff3c051c193379f45655a9b02c88\",\"name\":\"Easy\",\"image\":{\"@type\":\"ImageObject\",\"inLanguage\":\"es\",\"@id\":\"https:\\\/\\\/secure.gravatar.com\\\/avatar\\\/b88323192b25acad77c9059bd2980e843ef42e04c4da91d24ad7a7fe659cba33?s=96&d=mm&r=g\",\"url\":\"https:\\\/\\\/secure.gravatar.com\\\/avatar\\\/b88323192b25acad77c9059bd2980e843ef42e04c4da91d24ad7a7fe659cba33?s=96&d=mm&r=g\",\"contentUrl\":\"https:\\\/\\\/secure.gravatar.com\\\/avatar\\\/b88323192b25acad77c9059bd2980e843ef42e04c4da91d24ad7a7fe659cba33?s=96&d=mm&r=g\",\"caption\":\"Easy\"},\"url\":\"https:\\\/\\\/easyfisioterapia.com\\\/blog\\\/author\\\/toni\\\/\"}]}<\/script>\n<!-- \/ Yoast SEO plugin. -->","yoast_head_json":{"title":"Ecograf\u00eda del tend\u00f3n de Aquiles: exploraci\u00f3n est\u00e1tica y din\u00e1mica en fisioterapia - Easy Fisioterapia Ecograf\u00eda del tend\u00f3n de Aquiles: exploraci\u00f3n est\u00e1tica y din\u00e1mica en fisioterapia","description":"Domina la ecograf\u00eda del tend\u00f3n de Aquiles, tanto en exploraci\u00f3n est\u00e1tica como din\u00e1mica en fisioterapia y util\u00edzalo en cl\u00ednica","robots":{"index":"index","follow":"follow","max-snippet":"max-snippet:-1","max-image-preview":"max-image-preview:large","max-video-preview":"max-video-preview:-1"},"canonical":"https:\/\/easyfisioterapia.com\/blog\/ecografia-del-tendon-de-aquiles-exploracion-estatica-y-dinamica-en-fisioterapia\/","og_locale":"es_ES","og_type":"article","og_title":"Ecograf\u00eda del tend\u00f3n de Aquiles","og_description":"Ecograf\u00eda del tend\u00f3n de Aquiles: exploraci\u00f3n est\u00e1tica y din\u00e1mica en fisioterapia","og_url":"https:\/\/easyfisioterapia.com\/blog\/ecografia-del-tendon-de-aquiles-exploracion-estatica-y-dinamica-en-fisioterapia\/","og_site_name":"Easy Fisioterapia","article_published_time":"2025-04-10T05:30:00+00:00","article_modified_time":"2026-04-04T08:38:08+00:00","og_image":[{"width":672,"height":380,"url":"https:\/\/easyfisioterapia.com\/blog\/wp-content\/uploads\/2025\/04\/Exploracion-dinamica-ecografica-tendon-Aquiles-posicion.jpg","type":"image\/jpeg"}],"author":"Easy","twitter_card":"summary_large_image","twitter_title":"Ecograf\u00eda del tend\u00f3n de Aquiles","twitter_description":"Ecograf\u00eda del tend\u00f3n de Aquiles: exploraci\u00f3n est\u00e1tica y din\u00e1mica en fisioterapia","twitter_image":"https:\/\/easyfisioterapia.com\/blog\/wp-content\/uploads\/2025\/04\/Exploracion-dinamica-ecografica-tendon-Aquiles-posicion.jpg","twitter_misc":{"Escrito por":"Easy","Tiempo de lectura":"11 minutos"},"schema":{"@context":"https:\/\/schema.org","@graph":[{"@type":"Article","@id":"https:\/\/easyfisioterapia.com\/blog\/ecografia-del-tendon-de-aquiles-exploracion-estatica-y-dinamica-en-fisioterapia\/#article","isPartOf":{"@id":"https:\/\/easyfisioterapia.com\/blog\/ecografia-del-tendon-de-aquiles-exploracion-estatica-y-dinamica-en-fisioterapia\/"},"author":{"name":"Easy","@id":"https:\/\/easyfisioterapia.com\/blog\/#\/schema\/person\/77a0ff3c051c193379f45655a9b02c88"},"headline":"Ecograf\u00eda del tend\u00f3n de Aquiles: exploraci\u00f3n est\u00e1tica y din\u00e1mica en fisioterapia","datePublished":"2025-04-10T05:30:00+00:00","dateModified":"2026-04-04T08:38:08+00:00","mainEntityOfPage":{"@id":"https:\/\/easyfisioterapia.com\/blog\/ecografia-del-tendon-de-aquiles-exploracion-estatica-y-dinamica-en-fisioterapia\/"},"wordCount":2048,"image":{"@id":"https:\/\/easyfisioterapia.com\/blog\/ecografia-del-tendon-de-aquiles-exploracion-estatica-y-dinamica-en-fisioterapia\/#primaryimage"},"thumbnailUrl":"https:\/\/easyfisioterapia.com\/blog\/wp-content\/uploads\/2025\/04\/Posicion-paciente-exploracion-tendon-aquiles-ecografia.jpg","keywords":["pie","tend\u00f3n de Aquiles"],"articleSection":["Ecograf\u00eda"],"inLanguage":"es"},{"@type":"WebPage","@id":"https:\/\/easyfisioterapia.com\/blog\/ecografia-del-tendon-de-aquiles-exploracion-estatica-y-dinamica-en-fisioterapia\/","url":"https:\/\/easyfisioterapia.com\/blog\/ecografia-del-tendon-de-aquiles-exploracion-estatica-y-dinamica-en-fisioterapia\/","name":"Ecograf\u00eda del tend\u00f3n de Aquiles: exploraci\u00f3n est\u00e1tica y din\u00e1mica en fisioterapia - Easy Fisioterapia Ecograf\u00eda del tend\u00f3n de Aquiles: exploraci\u00f3n est\u00e1tica y din\u00e1mica en fisioterapia","isPartOf":{"@id":"https:\/\/easyfisioterapia.com\/blog\/#website"},"primaryImageOfPage":{"@id":"https:\/\/easyfisioterapia.com\/blog\/ecografia-del-tendon-de-aquiles-exploracion-estatica-y-dinamica-en-fisioterapia\/#primaryimage"},"image":{"@id":"https:\/\/easyfisioterapia.com\/blog\/ecografia-del-tendon-de-aquiles-exploracion-estatica-y-dinamica-en-fisioterapia\/#primaryimage"},"thumbnailUrl":"https:\/\/easyfisioterapia.com\/blog\/wp-content\/uploads\/2025\/04\/Posicion-paciente-exploracion-tendon-aquiles-ecografia.jpg","datePublished":"2025-04-10T05:30:00+00:00","dateModified":"2026-04-04T08:38:08+00:00","author":{"@id":"https:\/\/easyfisioterapia.com\/blog\/#\/schema\/person\/77a0ff3c051c193379f45655a9b02c88"},"description":"Domina la ecograf\u00eda del tend\u00f3n de Aquiles, tanto en exploraci\u00f3n est\u00e1tica como din\u00e1mica en fisioterapia y util\u00edzalo en cl\u00ednica","inLanguage":"es","potentialAction":[{"@type":"ReadAction","target":["https:\/\/easyfisioterapia.com\/blog\/ecografia-del-tendon-de-aquiles-exploracion-estatica-y-dinamica-en-fisioterapia\/"]}]},{"@type":"ImageObject","inLanguage":"es","@id":"https:\/\/easyfisioterapia.com\/blog\/ecografia-del-tendon-de-aquiles-exploracion-estatica-y-dinamica-en-fisioterapia\/#primaryimage","url":"https:\/\/easyfisioterapia.com\/blog\/wp-content\/uploads\/2025\/04\/Posicion-paciente-exploracion-tendon-aquiles-ecografia.jpg","contentUrl":"https:\/\/easyfisioterapia.com\/blog\/wp-content\/uploads\/2025\/04\/Posicion-paciente-exploracion-tendon-aquiles-ecografia.jpg","width":883,"height":499},{"@type":"WebSite","@id":"https:\/\/easyfisioterapia.com\/blog\/#website","url":"https:\/\/easyfisioterapia.com\/blog\/","name":"Easy Fisioterapia","description":"Aprender ecograf\u00eda nunca fue tan EASY","potentialAction":[{"@type":"SearchAction","target":{"@type":"EntryPoint","urlTemplate":"https:\/\/easyfisioterapia.com\/blog\/?s={search_term_string}"},"query-input":{"@type":"PropertyValueSpecification","valueRequired":true,"valueName":"search_term_string"}}],"inLanguage":"es"},{"@type":"Person","@id":"https:\/\/easyfisioterapia.com\/blog\/#\/schema\/person\/77a0ff3c051c193379f45655a9b02c88","name":"Easy","image":{"@type":"ImageObject","inLanguage":"es","@id":"https:\/\/secure.gravatar.com\/avatar\/b88323192b25acad77c9059bd2980e843ef42e04c4da91d24ad7a7fe659cba33?s=96&d=mm&r=g","url":"https:\/\/secure.gravatar.com\/avatar\/b88323192b25acad77c9059bd2980e843ef42e04c4da91d24ad7a7fe659cba33?s=96&d=mm&r=g","contentUrl":"https:\/\/secure.gravatar.com\/avatar\/b88323192b25acad77c9059bd2980e843ef42e04c4da91d24ad7a7fe659cba33?s=96&d=mm&r=g","caption":"Easy"},"url":"https:\/\/easyfisioterapia.com\/blog\/author\/toni\/"}]}},"_links":{"self":[{"href":"https:\/\/easyfisioterapia.com\/blog\/wp-json\/wp\/v2\/posts\/2448","targetHints":{"allow":["GET"]}}],"collection":[{"href":"https:\/\/easyfisioterapia.com\/blog\/wp-json\/wp\/v2\/posts"}],"about":[{"href":"https:\/\/easyfisioterapia.com\/blog\/wp-json\/wp\/v2\/types\/post"}],"author":[{"embeddable":true,"href":"https:\/\/easyfisioterapia.com\/blog\/wp-json\/wp\/v2\/users\/4"}],"replies":[{"embeddable":true,"href":"https:\/\/easyfisioterapia.com\/blog\/wp-json\/wp\/v2\/comments?post=2448"}],"version-history":[{"count":14,"href":"https:\/\/easyfisioterapia.com\/blog\/wp-json\/wp\/v2\/posts\/2448\/revisions"}],"predecessor-version":[{"id":3342,"href":"https:\/\/easyfisioterapia.com\/blog\/wp-json\/wp\/v2\/posts\/2448\/revisions\/3342"}],"wp:attachment":[{"href":"https:\/\/easyfisioterapia.com\/blog\/wp-json\/wp\/v2\/media?parent=2448"}],"wp:term":[{"taxonomy":"category","embeddable":true,"href":"https:\/\/easyfisioterapia.com\/blog\/wp-json\/wp\/v2\/categories?post=2448"},{"taxonomy":"post_tag","embeddable":true,"href":"https:\/\/easyfisioterapia.com\/blog\/wp-json\/wp\/v2\/tags?post=2448"}],"curies":[{"name":"wp","href":"https:\/\/api.w.org\/{rel}","templated":true}]}}